{"id":209,"date":"2025-04-27T07:04:32","date_gmt":"2025-04-27T05:04:32","guid":{"rendered":"https:\/\/www.fetelamarseillaise83.fr\/?p=209"},"modified":"2025-04-27T07:04:32","modified_gmt":"2025-04-27T05:04:32","slug":"programme-detaille","status":"publish","type":"post","link":"https:\/\/www.fetelamarseillaise83.fr\/index.php\/2025\/04\/27\/programme-detaille\/","title":{"rendered":"Programme d\u00e9taill\u00e9"},"content":{"rendered":"\n<p class=\"wp-block-paragraph\"><strong>Des d\u00e9bats<\/strong><\/p>\n\n\n\n<p class=\"wp-block-paragraph\"><strong>10h20 : \u00a0\u00bb La s\u00e9curit\u00e9 sociale, 80 ans et toujours&nbsp;<em>Moderne ! \u00ab\u00a0<\/em><\/strong><\/p>\n\n\n\n<p class=\"wp-block-paragraph\">Financement, gestion, pilotage, champs d\u2019actions.<\/p>\n\n\n\n<p class=\"wp-block-paragraph\">Anim\u00e9 par un journaliste de La Marseillaise avec la participation de t\u00e9moins socio-politiques<\/p>\n\n\n\n<p class=\"wp-block-paragraph\"><strong>16h30 : Agora avec Ian BROSSAT,&nbsp;<\/strong>S\u00e9nateur de Paris<\/p>\n\n\n\n<p class=\"wp-block-paragraph\">sur des questions sociales et citoyennes. Anim\u00e9 par L\u00e9o Purguette &#8211; Pr\u00e9sident de La Marseillaise<\/p>\n\n\n\n<p class=\"wp-block-paragraph\"><strong>Des espaces d&rsquo;\u00e9changes th\u00e9matiques<\/strong><\/p>\n\n\n\n<ul class=\"wp-block-list\">\n<li>Logement,<\/li>\n\n\n\n<li>Emploi-Salaires,<\/li>\n\n\n\n<li>Sant\u00e9-S\u00e9curit\u00e9 Sociale,<\/li>\n\n\n\n<li>Services Publics,<\/li>\n\n\n\n<li>Mobilit\u00e9s&#8230;<\/li>\n<\/ul>\n\n\n\n<p class=\"wp-block-paragraph\"><strong>Des concerts<\/strong><\/p>\n\n\n\n<p class=\"wp-block-paragraph\"><strong>12h30 &amp; 14h30 &nbsp;: les Fralibos<\/strong><\/p>\n\n\n\n<p class=\"wp-block-paragraph\"><strong>20h30 &nbsp; &nbsp; &nbsp; &nbsp; &nbsp; &nbsp; &nbsp; &nbsp; &nbsp;: BAYAMO &#8211;&nbsp;<\/strong>Danse Latine<\/p>\n\n\n\n<p class=\"wp-block-paragraph\"><strong>Des animations<\/strong><\/p>\n\n\n\n<p class=\"wp-block-paragraph\">Expositions, village du monde, village f\u00e9ministe, librairie, jeux d&rsquo;enfants, guinguette, restauration rapide<\/p>\n\n\n\n<p class=\"wp-block-paragraph\"><strong>Le repas des ami-e-s de la Marseillaise<\/strong>&nbsp;-13h&nbsp;<em>sur inscription pr\u00e9alable (Bient\u00f4t)<\/em><\/p>\n\n\n\n<p class=\"wp-block-paragraph\"><strong>Le bon de soutien :&nbsp;<\/strong><em>Carnet-s \u00e0 retirer aupr\u00e8s des sections&nbsp;pour soi et pour diffuser aux ami-e-s<\/em><\/p>\n","protected":false},"excerpt":{"rendered":"<p>Des d\u00e9bats 10h20 : \u00a0\u00bb La s\u00e9curit\u00e9 sociale, 80 ans et toujours&nbsp;Moderne ! \u00ab\u00a0 Financement, gestion, pilotage, champs d\u2019actions. Anim\u00e9 [&hellip;]<\/p>\n","protected":false},"author":1,"featured_media":0,"comment_status":"open","ping_status":"open","sticky":false,"template":"","format":"standard","meta":{"_crdt_document":"","site-sidebar-layout":"default","site-content-layout":"","ast-site-content-layout":"default","site-content-style":"default","site-sidebar-style":"default","ast-global-header-display":"","ast-banner-title-visibility":"","ast-main-header-display":"","ast-hfb-above-header-display":"","ast-hfb-below-header-display":"","ast-hfb-mobile-header-display":"","site-post-title":"","ast-breadcrumbs-content":"","ast-featured-img":"","footer-sml-layout":"","ast-disable-related-posts":"","theme-transparent-header-meta":"","adv-header-id-meta":"","stick-header-meta":"","header-above-stick-meta":"","header-main-stick-meta":"","header-below-stick-meta":"","astra-migrate-meta-layouts":"default","ast-page-background-enabled":"default","ast-page-background-meta":{"desktop":{"background-color":"var(--ast-global-color-5)","background-image":"","background-repeat":"repeat","background-position":"center center","background-size":"auto","background-attachment":"scroll","background-type":"","background-media":"","overlay-type":"","overlay-color":"","overlay-opacity":"","overlay-gradient":""},"tablet":{"background-color":"","background-image":"","background-repeat":"repeat","background-position":"center center","background-size":"auto","background-attachment":"scroll","background-type":"","background-media":"","overlay-type":"","overlay-color":"","overlay-opacity":"","overlay-gradient":""},"mobile":{"background-color":"","background-image":"","background-repeat":"repeat","background-position":"center center","background-size":"auto","background-attachment":"scroll","background-type":"","background-media":"","overlay-type":"","overlay-color":"","overlay-opacity":"","overlay-gradient":""}},"ast-content-background-meta":{"desktop":{"background-color":"var(--ast-global-color-4)","background-image":"","background-repeat":"repeat","background-position":"center center","background-size":"auto","background-attachment":"scroll","background-type":"","background-media":"","overlay-type":"","overlay-color":"","overlay-opacity":"","overlay-gradient":""},"tablet":{"background-color":"var(--ast-global-color-4)","background-image":"","background-repeat":"repeat","background-position":"center center","background-size":"auto","background-attachment":"scroll","background-type":"","background-media":"","overlay-type":"","overlay-color":"","overlay-opacity":"","overlay-gradient":""},"mobile":{"background-color":"var(--ast-global-color-4)","background-image":"","background-repeat":"repeat","background-position":"center center","background-size":"auto","background-attachment":"scroll","background-type":"","background-media":"","overlay-type":"","overlay-color":"","overlay-opacity":"","overlay-gradient":""}},"footnotes":""},"categories":[1],"tags":[],"class_list":["post-209","post","type-post","status-publish","format-standard","hentry","category-non-classe"],"_links":{"self":[{"href":"https:\/\/www.fetelamarseillaise83.fr\/index.php\/wp-json\/wp\/v2\/posts\/209","targetHints":{"allow":["GET"]}}],"collection":[{"href":"https:\/\/www.fetelamarseillaise83.fr\/index.php\/wp-json\/wp\/v2\/posts"}],"about":[{"href":"https:\/\/www.fetelamarseillaise83.fr\/index.php\/wp-json\/wp\/v2\/types\/post"}],"author":[{"embeddable":true,"href":"https:\/\/www.fetelamarseillaise83.fr\/index.php\/wp-json\/wp\/v2\/users\/1"}],"replies":[{"embeddable":true,"href":"https:\/\/www.fetelamarseillaise83.fr\/index.php\/wp-json\/wp\/v2\/comments?post=209"}],"version-history":[{"count":1,"href":"https:\/\/www.fetelamarseillaise83.fr\/index.php\/wp-json\/wp\/v2\/posts\/209\/revisions"}],"predecessor-version":[{"id":210,"href":"https:\/\/www.fetelamarseillaise83.fr\/index.php\/wp-json\/wp\/v2\/posts\/209\/revisions\/210"}],"wp:attachment":[{"href":"https:\/\/www.fetelamarseillaise83.fr\/index.php\/wp-json\/wp\/v2\/media?parent=209"}],"wp:term":[{"taxonomy":"category","embeddable":true,"href":"https:\/\/www.fetelamarseillaise83.fr\/index.php\/wp-json\/wp\/v2\/categories?post=209"},{"taxonomy":"post_tag","embeddable":true,"href":"https:\/\/www.fetelamarseillaise83.fr\/index.php\/wp-json\/wp\/v2\/tags?post=209"}],"curies":[{"name":"wp","href":"https:\/\/api.w.org\/{rel}","templated":true}]}}